{"id":13950,"date":"2021-04-12T07:22:12","date_gmt":"2021-04-12T07:22:12","guid":{"rendered":"https:\/\/www.libertas.hr\/uncategorized-hr\/zapocela-nastava-na-poslijediplomskom-sveucilisnom-doktorskom-studiju-medunarodni-odnosi\/"},"modified":"2021-04-12T07:22:12","modified_gmt":"2021-04-12T07:22:12","slug":"zapocela-nastava-na-poslijediplomskom-sveucilisnom-doktorskom-studiju-medunarodni-odnosi","status":"publish","type":"post","link":"https:\/\/www.libertas.hr\/en\/novosti\/zapocela-nastava-na-poslijediplomskom-sveucilisnom-doktorskom-studiju-medunarodni-odnosi\/","title":{"rendered":"Zapo\u010dela nastava na poslijediplomskom sveu\u010dili\u0161nom doktorskom studiju Me\u0111unarodni odnosi"},"content":{"rendered":"<p>U \u010detvrtak, 8. travnja 2021. godine, uz pridr\u017eavanje svih epidemiolo\u0161kih mjera, zapo\u010dela je nastava na poslijediplomskom sveu\u010dili\u0161nom doktorskom studiju Me\u0111unarodni odnosi. Prisutnim studentima 6. generacije doktoranada obratio se je rektor prof. dr. sc. Du\u0161ko Pavlovi\u0107 za\u017eeljev\u0161i svima dobrodo\u0161licu na Libertas me\u0111unarodno sveu\u010dili\u0161te te uspje\u0161no studiranje.<\/p>\n","protected":false},"excerpt":{"rendered":"<p>U \u010detvrtak, 8. travnja 2021. godine, uz pridr\u017eavanje svih epidemiolo\u0161kih mjera, zapo\u010dela je nastava na poslijediplomskom sveu\u010dili\u0161nom doktorskom studiju Me\u0111unarodni odnosi. Prisutnim studentima 6. generacije doktoranada obratio se je rektor prof. dr. sc. Du\u0161ko Pavlovi\u0107 za\u017eeljev\u0161i svima dobrodo\u0161licu na Libertas me\u0111unarodno sveu\u010dili\u0161te te uspje\u0161no studiranje.<\/p>\n","protected":false},"author":5,"featured_media":13951,"comment_status":"closed","ping_status":"open","sticky":false,"template":"","format":"standard","meta":{"footnotes":""},"categories":[24],"tags":[],"class_list":["post-13950","post","type-post","status-publish","format-standard","has-post-thumbnail","hentry","category-novosti"],"_links":{"self":[{"href":"https:\/\/www.libertas.hr\/en\/wp-json\/wp\/v2\/posts\/13950","targetHints":{"allow":["GET"]}}],"collection":[{"href":"https:\/\/www.libertas.hr\/en\/wp-json\/wp\/v2\/posts"}],"about":[{"href":"https:\/\/www.libertas.hr\/en\/wp-json\/wp\/v2\/types\/post"}],"author":[{"embeddable":true,"href":"https:\/\/www.libertas.hr\/en\/wp-json\/wp\/v2\/users\/5"}],"replies":[{"embeddable":true,"href":"https:\/\/www.libertas.hr\/en\/wp-json\/wp\/v2\/comments?post=13950"}],"version-history":[{"count":0,"href":"https:\/\/www.libertas.hr\/en\/wp-json\/wp\/v2\/posts\/13950\/revisions"}],"wp:featuredmedia":[{"embeddable":true,"href":"https:\/\/www.libertas.hr\/en\/wp-json\/wp\/v2\/media\/13951"}],"wp:attachment":[{"href":"https:\/\/www.libertas.hr\/en\/wp-json\/wp\/v2\/media?parent=13950"}],"wp:term":[{"taxonomy":"category","embeddable":true,"href":"https:\/\/www.libertas.hr\/en\/wp-json\/wp\/v2\/categories?post=13950"},{"taxonomy":"post_tag","embeddable":true,"href":"https:\/\/www.libertas.hr\/en\/wp-json\/wp\/v2\/tags?post=13950"}],"curies":[{"name":"wp","href":"https:\/\/api.w.org\/{rel}","templated":true}]}}