{"id":13901,"date":"2021-03-18T08:41:48","date_gmt":"2021-03-18T08:41:48","guid":{"rendered":"https:\/\/www.libertas.hr\/uncategorized-hr\/dekanica-branka-cvitkovic-nagradena-nagradom-grada-zagreba\/"},"modified":"2021-03-18T08:41:48","modified_gmt":"2021-03-18T08:41:48","slug":"dekanica-branka-cvitkovic-nagradena-nagradom-grada-zagreba","status":"publish","type":"post","link":"https:\/\/www.libertas.hr\/en\/novosti\/dekanica-branka-cvitkovic-nagradena-nagradom-grada-zagreba\/","title":{"rendered":"Dekanica Branka Cvitkovi\u0107 nagra\u0111ena Nagradom Grada Zagreba"},"content":{"rendered":"<p>Dekanica Fakulteta za film i scenske umjetnosti pri Libertas me\u0111unarodnom sveu\u010dili\u0161tu i umirovljena nacionalna prvakinja HNK u Zagrebu izv. prof. art. <strong>Branka Cvitkovi\u0107<\/strong> nagra\u0111ena je<strong> Nagradom Grada Zagreba<\/strong>!<br \/>\nPresti\u017ena je to nagrada koja se dodjeljuje Zagrep\u010danima i drugima koji djeluju na podru\u010dju metropole, kao i radnim skupinama, trgova\u010dkim dru\u0161tvima, ustanovama, vjerskim zajednicama, udrugama gra\u0111ana i drugim pravnim osobama za najvi\u0161e zasluge i postignute rezultate u teorijskom i prakti\u010dnom radu u promicanju znanosti, gospodarstva, prosvjete, kulture, umjetnosti, sporta, zdravstva, socijalne skrbi i svih drugih podru\u010dja dru\u0161tvenog \u017eivota u Gradu Zagrebu.<br \/>\nDekanici Cvitkovi\u0107 nagrade \u0107e biti uru\u010dena na Dan grada Zagreba 31. svibnja 2021. godine.<\/p>\n","protected":false},"excerpt":{"rendered":"<p>Dekanica Fakulteta za film i scenske umjetnosti pri Libertas me\u0111unarodnom sveu\u010dili\u0161tu i umirovljena nacionalna prvakinja HNK u Zagrebu izv. prof. art. Branka Cvitkovi\u0107 nagra\u0111ena je Nagradom Grada Zagreba! Presti\u017ena je to nagrada koja se dodjeljuje Zagrep\u010danima i drugima koji djeluju na podru\u010dju metropole, kao i radnim skupinama, trgova\u010dkim dru\u0161tvima, ustanovama, vjerskim zajednicama, udrugama gra\u0111ana i [&hellip;]<\/p>\n","protected":false},"author":5,"featured_media":13902,"comment_status":"closed","ping_status":"open","sticky":false,"template":"","format":"standard","meta":{"footnotes":""},"categories":[24],"tags":[],"class_list":["post-13901","post","type-post","status-publish","format-standard","has-post-thumbnail","hentry","category-novosti"],"_links":{"self":[{"href":"https:\/\/www.libertas.hr\/en\/wp-json\/wp\/v2\/posts\/13901","targetHints":{"allow":["GET"]}}],"collection":[{"href":"https:\/\/www.libertas.hr\/en\/wp-json\/wp\/v2\/posts"}],"about":[{"href":"https:\/\/www.libertas.hr\/en\/wp-json\/wp\/v2\/types\/post"}],"author":[{"embeddable":true,"href":"https:\/\/www.libertas.hr\/en\/wp-json\/wp\/v2\/users\/5"}],"replies":[{"embeddable":true,"href":"https:\/\/www.libertas.hr\/en\/wp-json\/wp\/v2\/comments?post=13901"}],"version-history":[{"count":0,"href":"https:\/\/www.libertas.hr\/en\/wp-json\/wp\/v2\/posts\/13901\/revisions"}],"wp:featuredmedia":[{"embeddable":true,"href":"https:\/\/www.libertas.hr\/en\/wp-json\/wp\/v2\/media\/13902"}],"wp:attachment":[{"href":"https:\/\/www.libertas.hr\/en\/wp-json\/wp\/v2\/media?parent=13901"}],"wp:term":[{"taxonomy":"category","embeddable":true,"href":"https:\/\/www.libertas.hr\/en\/wp-json\/wp\/v2\/categories?post=13901"},{"taxonomy":"post_tag","embeddable":true,"href":"https:\/\/www.libertas.hr\/en\/wp-json\/wp\/v2\/tags?post=13901"}],"curies":[{"name":"wp","href":"https:\/\/api.w.org\/{rel}","templated":true}]}}