{"id":13888,"date":"2021-03-15T15:01:46","date_gmt":"2021-03-15T15:01:46","guid":{"rendered":"https:\/\/www.libertas.hr\/uncategorized-hr\/prijem-erasmus-studenata-na-libertas-medunarodnom-sveucilistu-u-dubrovniku\/"},"modified":"2021-03-15T15:01:46","modified_gmt":"2021-03-15T15:01:46","slug":"prijem-erasmus-studenata-na-libertas-medunarodnom-sveucilistu-u-dubrovniku","status":"publish","type":"post","link":"https:\/\/www.libertas.hr\/en\/novosti\/prijem-erasmus-studenata-na-libertas-medunarodnom-sveucilistu-u-dubrovniku\/","title":{"rendered":"Prijem Erasmus+ studenata na Libertas me\u0111unarodnom sveu\u010dili\u0161tu u Dubrovniku"},"content":{"rendered":"<p>Na Libertas me\u0111unarodnom sveu\u010dili\u0161tu u Dubrovniku odr\u017ean je susret dobrodo\u0161lice za studente iz Savezne Republike Njema\u010dke, koji su na na\u0161e Sveu\u010dili\u0161te stigli u sklopu Erasmus+ programa. Studenti dolaze sa sveu\u010dili\u0161ta OTH Regensburg s kojim Libertas me\u0111unarodno sveu\u010dili\u0161te odr\u017eava dugogodi\u0161nju suradnju, a studenti \u0107e pratiti nastavu na preddiplomskom studiju Me\u0111unarodni odnosi. Po\u0161tuju\u0107i sve propisane epidemiolo\u0161ke mjere, studente su u prostorima Sveu\u010dili\u0161ta pozdravili Voditelj podru\u017enice, prof. Milan Peri\u0107 i Voditeljica ureda za akademske poslove Zrinka Bori\u0107, za\u017eeljev\u0161i im dobrodo\u0161licu i uspje\u0161no studiranje kao i ugodan boravak u Dubrovniku. Tim povodom, organiziran je Dan orijentacije koji obuhva\u0107a stru\u010dno vo\u0111enje i upoznavanje sa znamenitostima i ljepotama grada i okolice, te sve potrebne informacije vezane za studij i boravak u Dubrovniku.<\/p>\n","protected":false},"excerpt":{"rendered":"<p>Na Libertas me\u0111unarodnom sveu\u010dili\u0161tu u Dubrovniku odr\u017ean je susret dobrodo\u0161lice za studente iz Savezne Republike Njema\u010dke, koji su na na\u0161e Sveu\u010dili\u0161te stigli u sklopu Erasmus+ programa. Studenti dolaze sa sveu\u010dili\u0161ta OTH Regensburg s kojim Libertas me\u0111unarodno sveu\u010dili\u0161te odr\u017eava dugogodi\u0161nju suradnju, a studenti \u0107e pratiti nastavu na preddiplomskom studiju Me\u0111unarodni odnosi. Po\u0161tuju\u0107i sve propisane epidemiolo\u0161ke mjere, [&hellip;]<\/p>\n","protected":false},"author":5,"featured_media":13889,"comment_status":"closed","ping_status":"open","sticky":false,"template":"","format":"standard","meta":{"footnotes":""},"categories":[24],"tags":[],"class_list":["post-13888","post","type-post","status-publish","format-standard","has-post-thumbnail","hentry","category-novosti"],"_links":{"self":[{"href":"https:\/\/www.libertas.hr\/en\/wp-json\/wp\/v2\/posts\/13888","targetHints":{"allow":["GET"]}}],"collection":[{"href":"https:\/\/www.libertas.hr\/en\/wp-json\/wp\/v2\/posts"}],"about":[{"href":"https:\/\/www.libertas.hr\/en\/wp-json\/wp\/v2\/types\/post"}],"author":[{"embeddable":true,"href":"https:\/\/www.libertas.hr\/en\/wp-json\/wp\/v2\/users\/5"}],"replies":[{"embeddable":true,"href":"https:\/\/www.libertas.hr\/en\/wp-json\/wp\/v2\/comments?post=13888"}],"version-history":[{"count":0,"href":"https:\/\/www.libertas.hr\/en\/wp-json\/wp\/v2\/posts\/13888\/revisions"}],"wp:featuredmedia":[{"embeddable":true,"href":"https:\/\/www.libertas.hr\/en\/wp-json\/wp\/v2\/media\/13889"}],"wp:attachment":[{"href":"https:\/\/www.libertas.hr\/en\/wp-json\/wp\/v2\/media?parent=13888"}],"wp:term":[{"taxonomy":"category","embeddable":true,"href":"https:\/\/www.libertas.hr\/en\/wp-json\/wp\/v2\/categories?post=13888"},{"taxonomy":"post_tag","embeddable":true,"href":"https:\/\/www.libertas.hr\/en\/wp-json\/wp\/v2\/tags?post=13888"}],"curies":[{"name":"wp","href":"https:\/\/api.w.org\/{rel}","templated":true}]}}