{"id":13876,"date":"2021-03-03T14:39:55","date_gmt":"2021-03-03T14:39:55","guid":{"rendered":"https:\/\/www.libertas.hr\/uncategorized-hr\/odrzan-pogreb-doc-dr-sc-kristijana-marica\/"},"modified":"2021-03-03T14:39:55","modified_gmt":"2021-03-03T14:39:55","slug":"odrzan-pogreb-doc-dr-sc-kristijana-marica","status":"publish","type":"post","link":"https:\/\/www.libertas.hr\/en\/novosti\/odrzan-pogreb-doc-dr-sc-kristijana-marica\/","title":{"rendered":"Odr\u017ean pogreb doc. dr.sc. Kristijana Mari\u0107a"},"content":{"rendered":"<p><a href=\"https:\/\/www.libertas.hr\/wp-content\/uploads\/2021\/03\/IMG_0196-scaled-1.jpg\"><img fetchpriority=\"high\" decoding=\"async\" class=\"aligncenter size-full wp-image-14986\" src=\"https:\/\/www.libertas.hr\/wp-content\/uploads\/2021\/03\/IMG_0196-scaled-1.jpg\" alt=\"\" width=\"2560\" height=\"1707\" \/><\/a><br \/>\nDanas, 3. o\u017eujka 2021. godine na krematoriju Gradskog groblja Mirogoj u Zagrebu, odr\u017ean je posljednji ispra\u0107aj doc. dr. sc. Kristijana Mari\u0107a. Uz obitelj, rodbinu, kolege i prijatelje, od profesora Mari\u0107a oprostili su se i brojni studenti i profesori Sveu\u010dili\u0161ta Libertas. Dirljivim govorom u ime Libertas me\u0111unarodnog sveu\u010dili\u0161ta, od na\u0161eg dragog Kristijana oprostio se i rektor, prof. dr.sc. Du\u0161ko Pavlovi\u0107.<\/p>\n<p>Dragi na\u0161 Kristijane, hvala ti na svemu i po\u010divaj u miru.<\/p>\n","protected":false},"excerpt":{"rendered":"<p>Danas, 3. o\u017eujka 2021. godine na krematoriju Gradskog groblja Mirogoj u Zagrebu, odr\u017ean je posljednji ispra\u0107aj doc. dr. sc. Kristijana Mari\u0107a. Uz obitelj, rodbinu, kolege i prijatelje, od profesora Mari\u0107a oprostili su se i brojni studenti i profesori Sveu\u010dili\u0161ta Libertas. Dirljivim govorom u ime Libertas me\u0111unarodnog sveu\u010dili\u0161ta, od na\u0161eg dragog Kristijana oprostio se i rektor, [&hellip;]<\/p>\n","protected":false},"author":5,"featured_media":13874,"comment_status":"closed","ping_status":"open","sticky":false,"template":"","format":"standard","meta":{"footnotes":""},"categories":[24],"tags":[],"class_list":["post-13876","post","type-post","status-publish","format-standard","has-post-thumbnail","hentry","category-novosti"],"_links":{"self":[{"href":"https:\/\/www.libertas.hr\/en\/wp-json\/wp\/v2\/posts\/13876","targetHints":{"allow":["GET"]}}],"collection":[{"href":"https:\/\/www.libertas.hr\/en\/wp-json\/wp\/v2\/posts"}],"about":[{"href":"https:\/\/www.libertas.hr\/en\/wp-json\/wp\/v2\/types\/post"}],"author":[{"embeddable":true,"href":"https:\/\/www.libertas.hr\/en\/wp-json\/wp\/v2\/users\/5"}],"replies":[{"embeddable":true,"href":"https:\/\/www.libertas.hr\/en\/wp-json\/wp\/v2\/comments?post=13876"}],"version-history":[{"count":0,"href":"https:\/\/www.libertas.hr\/en\/wp-json\/wp\/v2\/posts\/13876\/revisions"}],"wp:featuredmedia":[{"embeddable":true,"href":"https:\/\/www.libertas.hr\/en\/wp-json\/wp\/v2\/media\/13874"}],"wp:attachment":[{"href":"https:\/\/www.libertas.hr\/en\/wp-json\/wp\/v2\/media?parent=13876"}],"wp:term":[{"taxonomy":"category","embeddable":true,"href":"https:\/\/www.libertas.hr\/en\/wp-json\/wp\/v2\/categories?post=13876"},{"taxonomy":"post_tag","embeddable":true,"href":"https:\/\/www.libertas.hr\/en\/wp-json\/wp\/v2\/tags?post=13876"}],"curies":[{"name":"wp","href":"https:\/\/api.w.org\/{rel}","templated":true}]}}