{"id":13850,"date":"2021-03-08T09:00:20","date_gmt":"2021-03-08T09:00:20","guid":{"rendered":"https:\/\/www.libertas.hr\/uncategorized-hr\/zapoceo-novi-semestar-za-studente-diplomskih-studija\/"},"modified":"2021-03-08T09:00:20","modified_gmt":"2021-03-08T09:00:20","slug":"zapoceo-novi-semestar-za-studente-diplomskih-studija","status":"publish","type":"post","link":"https:\/\/www.libertas.hr\/en\/novosti\/zapoceo-novi-semestar-za-studente-diplomskih-studija\/","title":{"rendered":"Zapo\u010deo novi semestar za studente diplomskih studija"},"content":{"rendered":"<p>Danas, 8. o\u017eujka 2021. godine na Libertas me\u0111unarodnom sveu\u010dili\u0161tu zapo\u010deo je za studente diplomskih studija novi, ljetni semestar. Zbog epidemiolo\u0161kih mjera, nastava se trenuta\u010dno odr\u017eava u online obliku. Planirano je, ako nam epidemiolo\u0161ka situacija dopusti, otpo\u010deti s nastavom u prostorijama Sveu\u010dili\u0161ta za sve studente &#8211; <strong>29. o\u017eujka 2021. <\/strong>godine.<br \/>\nSvim studentima i profesorima Libertas me\u0111unarodnog sveu\u010dili\u0161tu \u017eelimo puno zdravlja i uspje\u0161an novi semestar!<\/p>\n","protected":false},"excerpt":{"rendered":"<p>Danas, 8. o\u017eujka 2021. godine na Libertas me\u0111unarodnom sveu\u010dili\u0161tu zapo\u010deo je za studente diplomskih studija novi, ljetni semestar. Zbog epidemiolo\u0161kih mjera, nastava se trenuta\u010dno odr\u017eava u online obliku. Planirano je, ako nam epidemiolo\u0161ka situacija dopusti, otpo\u010deti s nastavom u prostorijama Sveu\u010dili\u0161ta za sve studente &#8211; 29. o\u017eujka 2021. godine. Svim studentima i profesorima Libertas me\u0111unarodnog [&hellip;]<\/p>\n","protected":false},"author":5,"featured_media":13851,"comment_status":"closed","ping_status":"open","sticky":false,"template":"","format":"standard","meta":{"footnotes":""},"categories":[24],"tags":[],"class_list":["post-13850","post","type-post","status-publish","format-standard","has-post-thumbnail","hentry","category-novosti"],"_links":{"self":[{"href":"https:\/\/www.libertas.hr\/en\/wp-json\/wp\/v2\/posts\/13850","targetHints":{"allow":["GET"]}}],"collection":[{"href":"https:\/\/www.libertas.hr\/en\/wp-json\/wp\/v2\/posts"}],"about":[{"href":"https:\/\/www.libertas.hr\/en\/wp-json\/wp\/v2\/types\/post"}],"author":[{"embeddable":true,"href":"https:\/\/www.libertas.hr\/en\/wp-json\/wp\/v2\/users\/5"}],"replies":[{"embeddable":true,"href":"https:\/\/www.libertas.hr\/en\/wp-json\/wp\/v2\/comments?post=13850"}],"version-history":[{"count":0,"href":"https:\/\/www.libertas.hr\/en\/wp-json\/wp\/v2\/posts\/13850\/revisions"}],"wp:featuredmedia":[{"embeddable":true,"href":"https:\/\/www.libertas.hr\/en\/wp-json\/wp\/v2\/media\/13851"}],"wp:attachment":[{"href":"https:\/\/www.libertas.hr\/en\/wp-json\/wp\/v2\/media?parent=13850"}],"wp:term":[{"taxonomy":"category","embeddable":true,"href":"https:\/\/www.libertas.hr\/en\/wp-json\/wp\/v2\/categories?post=13850"},{"taxonomy":"post_tag","embeddable":true,"href":"https:\/\/www.libertas.hr\/en\/wp-json\/wp\/v2\/tags?post=13850"}],"curies":[{"name":"wp","href":"https:\/\/api.w.org\/{rel}","templated":true}]}}