{"id":13797,"date":"2021-01-15T15:06:59","date_gmt":"2021-01-15T15:06:59","guid":{"rendered":"https:\/\/www.libertas.hr\/uncategorized-hr\/intervju-s-alumnijem-zvonimirom-kalicem-nositeljem-titule-najboljeg-mladog-poljoprivrednika-u-hrvatskoj-i-treceg-u-europi\/"},"modified":"2021-01-15T15:06:59","modified_gmt":"2021-01-15T15:06:59","slug":"intervju-s-alumnijem-zvonimirom-kalicem-nositeljem-titule-najboljeg-mladog-poljoprivrednika-u-hrvatskoj-i-treceg-u-europi","status":"publish","type":"post","link":"https:\/\/www.libertas.hr\/en\/novosti\/intervju-s-alumnijem-zvonimirom-kalicem-nositeljem-titule-najboljeg-mladog-poljoprivrednika-u-hrvatskoj-i-treceg-u-europi\/","title":{"rendered":"Intervju s alumnijem Zvonimirom Kali\u0107em, nositeljem titule najboljeg mladog poljoprivrednika u Hrvatskoj i tre\u0107eg u Europi"},"content":{"rendered":"<figure id=\"attachment_14681\" aria-describedby=\"caption-attachment-14681\" style=\"width: 640px\" class=\"wp-caption aligncenter\"><a href=\"https:\/\/www.libertas.hr\/wp-content\/uploads\/2021\/01\/32844725_1690624721002639_5524639780287021056_n.jpg\"><img fetchpriority=\"high\" decoding=\"async\" class=\"wp-image-14681 size-full\" src=\"https:\/\/www.libertas.hr\/wp-content\/uploads\/2021\/01\/32844725_1690624721002639_5524639780287021056_n.jpg\" alt=\"\" width=\"640\" height=\"427\" \/><\/a><figcaption id=\"caption-attachment-14681\" class=\"wp-caption-text\">Vlado Kos \/ Cropix<\/figcaption><\/figure>\n<p><span style=\"vertical-align: inherit;\"><span style=\"vertical-align: inherit;\">Njegov je entuzijazam zarazan, nadahnu\u0107e neiscrpno, a najve\u0107a motivacija su mu dosada\u0161nji uspjesi i vlastita obitelj, zbog \u010dega je sve i po\u010delo. <\/span><\/span><span style=\"color: #000000;\"><strong><span style=\"vertical-align: inherit;\"><span style=\"vertical-align: inherit;\">Zvonimir Kali\u0107<\/span><\/span><\/strong><\/span><span style=\"vertical-align: inherit;\"><span style=\"vertical-align: inherit;\"> slu\u017ebeno je me\u0111u najboljim mladim poljoprivrednicima u Europi, a mi ga s ponosom zovemo Libertasovim biv\u0161im studentima. <\/span><span style=\"vertical-align: inherit;\">Ovaj magistar me\u0111unarodnih odnosa i diplomacije osvojio je tre\u0107e mjesto u kategoriji <\/span><\/span><span style=\"color: #000000;\"><strong><span style=\"vertical-align: inherit;\"><span style=\"vertical-align: inherit;\">&#8216;\u0160ampion hrane u poljoprivredi&#8217;<\/span><\/span><\/strong><\/span> u \u0161estom izboru za najboljeg mladog europskog poljoprivrednika. Na izbor u organizaciji Europske pu\u010dke stranke i Europskog parlamenta prijavljen je kao najbolji hrvatski mladi poljoprivrednik, a nagradu je, zbog izbora za Europski parlament i pandemije koronavirusa, dobio ove godine u virtualnom obliku. Poduzetni duh mo\u017eda je obiteljska vrlina, ali postignuti rezultati nisu do\u0161li preko no\u0107i i pukom sre\u0107om. Vlastiti posao s uzgojem industrijske konoplje iskoristio je i tijekom pisanja diplomskog rada na temu plasmana proizvoda na inozemno tr\u017ei\u0161te, a ako je zaklju\u010diti po planovima za budu\u0107nost, svoje \u0107e planove itekako ostvariti.<\/p>\n<h4><span style=\"color: #0000ff;\"><strong>Kako ste se odlu\u010dili sudjelovati na izboru za najboljeg mladog poljoprivrednika Hrvatske, koji vas je odveo i do natjecanja za najboljeg mladog poljoprivrednika u EU? <\/strong><\/span><\/h4>\n<p>Prije 3 godine sam odlu\u010dio sudjelovati u izboru za najboljeg hrvatskog mladog poljoprivrednika zato \u0161to sam aktivnim radnom stekao sve mogu\u0107e uvjete za sudjelovanje i natjecanje. Prve godine sam kotirao visoko do 2. pozicije prema glasovima publike i do 3. pozicije prema glasovima \u017eirija. Godinu kasnije do\u0161ao sam do prve nagrade i publike i \u017eirija u RH, a danas sam tre\u0107i u Europi. Naziv projekta s kojim sam se predstavio je \u201eKonopljin cvijet za zdraviji svijet!\u201c.<\/p>\n<p><span style=\"vertical-align: inherit;\"><span style=\"vertical-align: inherit;\">Vlastitim naporima, kao i naporima cijele moje obitelji, razvili smo paletu od tridesetak proizvoda industrijske konoplje, postigli razne inovacije i omogu\u0107ili vlastiti pogon (preradu) za proizvodnju finalnih proizvoda. <\/span><span style=\"vertical-align: inherit;\">Otvorili smo edukativni prodajni prostor za svoje proizvode i pru\u017eamo obrazovanje za iste te poti\u010demo mnoge mlade poljoprivrednike da uzgajaju industrijsku konoplju kao hvale vrijednu biljku. <\/span><span style=\"vertical-align: inherit;\">Svojim poslovanjem stvaramo tr\u017ei\u0161te, \u0161irimo krug kupaca i \u0161irimo se izvan granica Hrvatske. <\/span><span style=\"vertical-align: inherit;\">Sve nas je to dovelo do ovog trenutka i polo\u017eaja!<\/span><\/span><\/p>\n<p>Biti prvi u Hrvatskoj, a tre\u0107i u Europi, od velikog je zna\u010daja za na\u0161u malu proizvodnju. Kad pogledam po\u010detak na\u0161eg rada, kada smo krenuli i startali iz ni\u010dega, danas je sasvim druga pri\u010da, ispisana predivnim stranicama i plemenitim iskustvom<\/p>\n<h4><span style=\"color: #0000ff;\"><strong><span style=\"vertical-align: inherit;\"><span style=\"vertical-align: inherit;\">Recite nam ukratko o po\u010decima OPG-a Kali\u0107 i asortimanu proizvoda.<\/span><\/span><\/strong><\/span><\/h4>\n<p>Iz obitelji sam koja se bavila privatnim poslom dugi niz godina. Roditelji su me usmjeravali prema privatnom sektoru za vrijeme \u0161kolovanja i obrazovanja, dok su se baka i djed bavili uspje\u0161nom granom, a to je poljoprivreda. Sijali su klasi\u010dne kulture: je\u010dam, \u017eito, kukuruz i soju, a sve je i\u0161lo dok se djed nije razbolio i dok obiteljski privatni posao nije imao svoje budu\u0107nosti u sektoru maloprodaje autodijelova zbog krize koja je pogodila Hrvatsku. Nakon \u0161to je djed zavr\u0161io u bolnici s lo\u0161im prognozama kada je u pitanju \u017eivotni vijek, a medicinske pomo\u0107i vi\u0161e nema, primamo stvari ozbiljno u svoje ruke i pristupamo alternativi kako bi djedu olak\u0161ali bolove i zadr\u017eali ga \u0161to vi\u0161e s nama. Na preporuku je konzumirao ulje konoplje \u0161to mu je olak\u0161alo bolove, stvorilo savr\u0161ene rezultate i zadr\u017ealo ga jo\u0161 vi\u0161e na \u017eivotu.<\/p>\n<p>Nama je to dalo motivaciju za dalje, upravo s konopljom. Iako djeda vi\u0161e nema, iza sebe je ostavio sve \u0161to je stvorio zajedno s mojom bakom, te smo obitelj i ja odlu\u010dili to oplemeniti. Usmjerili smo se u proizvodnju industrijske konoplje na na\u0161im slavonskim njivama.<\/p>\n<p>Kako sam ja naslijedio OPG, odlu\u010dio sam se na rad u istom, a svoj diplomski rad obranio sam na temu plasmana proizvoda konoplje prema inozemstvu. Na po\u010detku i danas guram jednakom snagom prema naprijed svakim danom, za obiteljske nove pobjede!<\/p>\n<h4><span style=\"color: #0000ff;\"><strong><span style=\"vertical-align: inherit;\"><span style=\"vertical-align: inherit;\">Koji su budu\u0107i planovi za OPG Kali\u0107?<\/span><\/span><\/strong><\/span><\/h4>\n<p><span style=\"vertical-align: inherit;\"><span style=\"vertical-align: inherit;\">Imamo puno planova i \u017eelja, ali idemo korak po korak. <\/span><span style=\"vertical-align: inherit;\">Trebalo je sedam godina da se postigne ne\u0161to poput ovih priznanja za najboljeg mladog poljoprivrednika. <\/span><span style=\"vertical-align: inherit;\">Vjerujem da imam jo\u0161 puno zadataka, proba, vje\u017ebi i prilika da budem jo\u0161 bolji, jo\u0161 ja\u010di na nogama kao mladi\u0107, poduzetni\u010dki duh, borbeni duh. <\/span><span style=\"vertical-align: inherit;\">Pribli\u017eavamo se kraju brendiranja na\u0161ih proizvoda za koje se nadamo da \u0107e se na\u0107i u mnogim dijelovima svijeta i \u017eurimo prona\u0107i tr\u017ei\u0161te. <\/span><span style=\"vertical-align: inherit;\">Naravno, prije svega \u0107emo pro\u0161iriti proizvodnju, pove\u0107ati uzgojne kapacitete i motivirati druge ljude za ovaj posao s nama. <\/span><span style=\"vertical-align: inherit;\">Korak po korak kao i prije.<\/span><\/span><\/p>\n<h4><span style=\"color: #0000ff;\"><strong><a href=\"https:\/\/www.libertas.hr\/wp-content\/uploads\/2021\/01\/51036542_2216829731711192_2873635692880068608_n.jpg\"><img decoding=\"async\" class=\"aligncenter size-full wp-image-14690\" src=\"https:\/\/www.libertas.hr\/wp-content\/uploads\/2021\/01\/51036542_2216829731711192_2873635692880068608_n.jpg\" alt=\"\" width=\"960\" height=\"639\" \/><\/a><br \/>\nZvonimire, \u0161to biste rekli koje su glavne prepreke s kojima se mladi ljudi suo\u010davaju kako bi postali poduzetnici?<\/strong><\/span><\/h4>\n<p><span style=\"vertical-align: inherit;\"><span style=\"vertical-align: inherit;\">Prvenstveno se suo\u010davaju s izazovima provo\u0111enja deja u realizaciju. <\/span><span style=\"vertical-align: inherit;\">Usput se stvaraju razne financijske pote\u0161ko\u0107e, uvjeti rada, odbijenice, ponekad ostanu bez velike potpore, a na kraju zapnu kad je rije\u010d o pronala\u017eenju pravog tr\u017ei\u0161ta i plasmana. <\/span><span style=\"vertical-align: inherit;\">Puno je stvari za koje se \u010dovjek mora boriti da bi u ne\u010demu uspio i na kraju. <\/span><span style=\"vertical-align: inherit;\">Va\u017eno je nastaviti ovaj uspjeh, biti iz dana u dan i pokazati za\u0161to ste prvi. <\/span><span style=\"vertical-align: inherit;\">Za svaki uspjeh potrebno je imati dobru ideju, inovaciju, jer ponekad ni to nije lako. <\/span><span style=\"vertical-align: inherit;\">Nudi se razna financijska pomo\u0107 dr\u017eave i EU fondova, \u0161to je samo poticaj da se ova inovacija i ideja u potpunosti realiziraju. <\/span><span style=\"vertical-align: inherit;\">Uvijek je potrebna dobra volja, entuzijazam, obrazovanje, optimizam, obiteljsko zajedni\u0161tvo i Bo\u017eji blagoslov. <\/span><span style=\"vertical-align: inherit;\">Vidimo da puno \u010dimbenika stoji na postizanju jednog uspjeha. <\/span><span style=\"vertical-align: inherit;\">Jednostavno se mora\u0161 zaposliti,<\/span><\/span><\/p>\n<h4><span style=\"color: #0000ff;\"><strong>Koji je najbolji poslovni savjet koji ste ikad dobili?<\/strong><\/span><\/h4>\n<p><span style=\"vertical-align: inherit;\"><em><strong><span style=\"vertical-align: inherit;\">&#8220;Ispiti mogu pri\u010dekati, oti\u0107i u svijet i potra\u017eiti tr\u017ei\u0161te za sebe i svoje proizvode!&#8221; <\/span><\/strong><\/em><span style=\"vertical-align: inherit;\">Pri\u010da ka\u017ee da mi je tijekom zimskih ispita trebao put na sajam u Berlinu, gdje u 10 dana prisustvuje oko 500 000 ljudi. <\/span><span style=\"vertical-align: inherit;\">Doslovno svijet i trgujte na dlanu. <\/span><span style=\"vertical-align: inherit;\">Tako sam se tako\u0111er savjetovao s jednim od profesora s fakulteta, koji mi je dao prekrasan vjetar u le\u0111a (ne samo za vrijeme, ve\u0107 i nakon fakulteta), i uputio me na putovanje u Berlin da se borim za sebe i svoj posao . <\/span><span style=\"vertical-align: inherit;\">Tako je to bilo &#8211; divnih 10 dana Berlina, puno poznanstava, divni ljudi, poslovni kapaciteti, nacije, jezici ne\u0161to Ne\u0161to mi se dogodilo, u tom trenutku mi je bilo dovoljno! <\/span><span style=\"vertical-align: inherit;\">Po povratku u Hrvatsku prihvatio sam knjige i rije\u0161io sve ispite.<\/span><\/span><\/p>\n<h4><span style=\"color: #0000ff;\"><strong>Tko je bio najutjecajnija osoba ili vi\u0161e njih na va\u0161em poduzetni\u010dkom putu?<\/strong><\/span><\/h4>\n<p>Moram priznati da ih je bilo vi\u0161e. Prvenstveno su to roditelji i teta koji me dan danas izgra\u0111uju u \u0161to kvalitetniju osobu, no ima tu jo\u0161 ljudi koji su ostavili utjecaj na mene da bih bio to \u0161to jesam i da bih postigao to \u0161to sam postigao. Svima sam neizmjerno zahvalan.<\/p>\n<h4><span style=\"color: #0000ff;\"><strong>\u0160to mislite kako vas je poduzetni\u0161tvo pretvorilo u bolju osobu?<\/strong><\/span><\/h4>\n<p>Pretvorilo me u osobu koja zna cijeniti sve \u0161to smo zajedni\u010dkim radom postigli i to s dvije malene ruke. Sav taj rad, trud, zalaganje, kako kod sebe tako i kod drugih, sve to ima svoju cijenu, vrijednost i kvalitetu. Sretan sam i zahvalam na svemu. Mogu zammisliti kako je nekom drugom te\u0161ko kada nema ne\u0161to \u0161to \u017eeli i treba, a u tom trenutku sam uvijek spreman pomo\u0107i, na trenutak ispraviti taj osje\u0107aj i stvoriti ga boljim.<\/p>\n<h4><span style=\"color: #0000ff;\"><strong><a href=\"https:\/\/www.libertas.hr\/wp-content\/uploads\/2021\/01\/83316974_2897271023667056_2744760448929759232_o.jpg\"><img decoding=\"async\" class=\"aligncenter size-full wp-image-14687\" src=\"https:\/\/www.libertas.hr\/wp-content\/uploads\/2021\/01\/83316974_2897271023667056_2744760448929759232_o.jpg\" alt=\"\" width=\"960\" height=\"960\" \/><\/a><br \/>\nSvi znamo da je studentski \u017eivot naporan! No vi ste uz razvoj poslovanja uspjeli zavr\u0161iti i studij Me\u0111unarodnih odnosa i diplomacije. Kako ste uspjeli uskladiti studij sa svim izvannastavnim aktivnostima?<\/strong><\/span><\/h4>\n<p>Moram priznati da je bilo veselo i zanimljivo. Trudio sam se biti redovan na predavanjima, sudjelovati u raznim prezentacijama i projektima s drugim studentima. No, isto tako posao je s druge strane tako\u0111er tra\u017eio svoje. Bilo je tu odgode ispita, izlazaka na drugi ili tek tre\u0107i ispitni rok, isprike za pokoje nedolaske na fakultet, molbe za financijske obveze prema fakultetu\u2026 doslovno je bilo svega! Jest da se to sve malo odu\u017eilo, ali opet je dobro ispalo. Roditelji su me redovno podsje\u0107ali i brinuli za moje obveze prema fakultetu, kako ih treba privesti svom kraju. Isto je radila i mentorica mog zavr\u0161nog rada <strong>prof. Helena \u0160logar<\/strong>, kao i mentor diplomskog rada <strong>prof. Ivo Andrijani\u0107<\/strong>. Drago mi je \u0161to su profesori imali razumijevanja za mene i \u0161to su me svojim rije\u010dima uvijek podr\u017eavali i dobro motivirali!<\/p>\n<h4><span style=\"color: #0000ff;\"><strong>Mo\u017eete li navesti nekoliko najboljih trenutaka sveu\u010dili\u0161nog \u017eivota?<\/strong><\/span><\/h4>\n<p>Postoji puno tih trenutaka! Sudjelovao sam u raznim projektima, posjetio sam razne brendirane tvrtke i upoznao se s njihovim proizvodnjama. Sudjelovao u studentskim putovanjima za potrebe odre\u0111enih kolegija, u raznim humanitarnim akcijama koje je provodilo Sveu\u010dili\u0161te Libertas, te se redovno pojavljivao na okupljanjima i dru\u017eenjima svih studenata i profesora. Na odre\u0111enim kolegijima svoj doprinos dao sam kao gostuju\u0107i predava\u010d iz sektora malog poduzetni\u0161tva, te stekao puno prijatelja s kojima sam dan danas u odli\u010dnim odnosima.<\/p>\n<h4><span style=\"color: #0000ff;\"><strong>Koje biste savjete dali drugim studentima poduzetnicima ili onima koji planiraju u poduzetni\u010dke vode? <\/strong><\/span><\/h4>\n<p>Definitivno ne smiju odustati od svojih snova i \u017eelja! Svi mi na kraju krajeva radimo i ne\u0161to stvaramo, netko vi\u0161e netko manje. Netko se prepozna vo\u0111om, netko samo djelatnikom. Svako je vrijedan na svoj na\u010din. U svakom slu\u010daju, lijepo je raditi ono \u0161to voli\u0161! Pa i kad nema mogu\u0107nosti, poku\u0161ati ih stvoriti. Ne gubiti tu volju i optimizam u izgradnji sebe kao poslovna \u010dovjeka. Lijepo je ne\u0161to graditi i stvarati za budu\u0107e nara\u0161taje pogotovo iz vlastite obitelji. Plemenito je kad djeca nastave rad svojih roditelja. Sli\u010dno se dogodilo u mojoj obitelji, mogu biti samo sretan.<\/p>\n<h4><em>Dragi prijatelji, budite inovativni, marljivi, radi\u0161ni, optimisti\u010dni u svakom trenutku, iskoristite sve prilike i sredstva koja vam se nude, slijedite svoje snove i budite prekrasno lice ove zemlje!<\/em><\/h4>\n","protected":false},"excerpt":{"rendered":"<p>Njegov je entuzijazam zarazan, nadahnu\u0107e neiscrpno, a najve\u0107a motivacija su mu dosada\u0161nji uspjesi i vlastita obitelj, zbog \u010dega je sve i po\u010delo. Zvonimir Kali\u0107 slu\u017ebeno je me\u0111u najboljim mladim poljoprivrednicima u Europi, a mi ga s ponosom zovemo Libertasovim biv\u0161im studentima. Ovaj magistar me\u0111unarodnih odnosa i diplomacije osvojio je tre\u0107e mjesto u kategoriji &#8216;\u0160ampion hrane [&hellip;]<\/p>\n","protected":false},"author":5,"featured_media":13798,"comment_status":"closed","ping_status":"open","sticky":false,"template":"","format":"standard","meta":{"footnotes":""},"categories":[24],"tags":[],"class_list":["post-13797","post","type-post","status-publish","format-standard","has-post-thumbnail","hentry","category-novosti"],"_links":{"self":[{"href":"https:\/\/www.libertas.hr\/en\/wp-json\/wp\/v2\/posts\/13797","targetHints":{"allow":["GET"]}}],"collection":[{"href":"https:\/\/www.libertas.hr\/en\/wp-json\/wp\/v2\/posts"}],"about":[{"href":"https:\/\/www.libertas.hr\/en\/wp-json\/wp\/v2\/types\/post"}],"author":[{"embeddable":true,"href":"https:\/\/www.libertas.hr\/en\/wp-json\/wp\/v2\/users\/5"}],"replies":[{"embeddable":true,"href":"https:\/\/www.libertas.hr\/en\/wp-json\/wp\/v2\/comments?post=13797"}],"version-history":[{"count":0,"href":"https:\/\/www.libertas.hr\/en\/wp-json\/wp\/v2\/posts\/13797\/revisions"}],"wp:featuredmedia":[{"embeddable":true,"href":"https:\/\/www.libertas.hr\/en\/wp-json\/wp\/v2\/media\/13798"}],"wp:attachment":[{"href":"https:\/\/www.libertas.hr\/en\/wp-json\/wp\/v2\/media?parent=13797"}],"wp:term":[{"taxonomy":"category","embeddable":true,"href":"https:\/\/www.libertas.hr\/en\/wp-json\/wp\/v2\/categories?post=13797"},{"taxonomy":"post_tag","embeddable":true,"href":"https:\/\/www.libertas.hr\/en\/wp-json\/wp\/v2\/tags?post=13797"}],"curies":[{"name":"wp","href":"https:\/\/api.w.org\/{rel}","templated":true}]}}