{"id":10890,"date":"2023-07-09T08:45:50","date_gmt":"2023-07-09T08:45:50","guid":{"rendered":"https:\/\/www.libertas.hr\/uncategorized-hr\/dekanica-branka-cvitkovic\/"},"modified":"2023-07-09T08:45:50","modified_gmt":"2023-07-09T08:45:50","slug":"dekanica-branka-cvitkovic","status":"publish","type":"post","link":"https:\/\/www.libertas.hr\/en\/novosti\/dekanica-branka-cvitkovic\/","title":{"rendered":"Dekanica Branka Cvitkovi\u0107 primila posebno priznanje za vra\u0107anje \u017eivota Krle\u017einoj rije\u010di"},"content":{"rendered":"<p>Od 1. do 7. srpnja, u dvori\u0161tu Muzeja grada Zagreba odr\u017eavao se <a href=\"https:\/\/www.facebook.com\/festivalmiroslavkrleza\/?locale=hr_HR\">12. festival Miroslav Krle\u017ea,<\/a> kojim se obilje\u017eila i 130. godi\u0161njica ro\u0111enja \u010dudesnog knji\u017eevnika Miroslava Krle\u017ee.<\/p>\n<p>Festival Miroslav Krle\u017ea dodijelio je velikoj glumici Krle\u017eina teatra Branki Cvitkovi\u0107 posebno priznanje za vra\u0107anje \u017eivota Krle\u017einoj rije\u010di te Belinu ogrlicu, rad akademske slikarice Diane Sokoli\u0107, pogledajte <a href=\"https:\/\/www.facebook.com\/operabb\/videos\/968640594461769\/?extid=CL-UNK-UNK-UNK-IOS_GK0T-GK1C&amp;mibextid=2Rb1fB&amp;ref=sharing\">video<\/a>.<\/p>\n<p>Ispred Sveu\u010dili\u0161ta Libertas i Fakulteta za film i scenske umjetnosti od srca \u010destitamo na\u0161oj dekanici, izv. prof. art. Branka Cvitkovi\u0107 na jo\u0161 jednom uspjehu i posebnom priznanju za, kako je Festival Miroslav Krle\u017ee slikovito sro\u010dio, vra\u0107anje \u017eivota Krle\u017einoj rije\u010di.<\/p>\n","protected":false},"excerpt":{"rendered":"<p>Od 1. do 7. srpnja, u dvori\u0161tu Muzeja grada Zagreba odr\u017eavao se 12. festival Miroslav Krle\u017ea, kojim se obilje\u017eila i 130. godi\u0161njica ro\u0111enja \u010dudesnog knji\u017eevnika Miroslava Krle\u017ee. Festival Miroslav Krle\u017ea dodijelio je velikoj glumici Krle\u017eina teatra Branki Cvitkovi\u0107 posebno priznanje za vra\u0107anje \u017eivota Krle\u017einoj rije\u010di te Belinu ogrlicu, rad akademske slikarice Diane Sokoli\u0107, pogledajte video. [&hellip;]<\/p>\n","protected":false},"author":3,"featured_media":10891,"comment_status":"closed","ping_status":"open","sticky":false,"template":"","format":"standard","meta":{"footnotes":""},"categories":[24],"tags":[],"class_list":["post-10890","post","type-post","status-publish","format-standard","has-post-thumbnail","hentry","category-novosti"],"_links":{"self":[{"href":"https:\/\/www.libertas.hr\/en\/wp-json\/wp\/v2\/posts\/10890","targetHints":{"allow":["GET"]}}],"collection":[{"href":"https:\/\/www.libertas.hr\/en\/wp-json\/wp\/v2\/posts"}],"about":[{"href":"https:\/\/www.libertas.hr\/en\/wp-json\/wp\/v2\/types\/post"}],"author":[{"embeddable":true,"href":"https:\/\/www.libertas.hr\/en\/wp-json\/wp\/v2\/users\/3"}],"replies":[{"embeddable":true,"href":"https:\/\/www.libertas.hr\/en\/wp-json\/wp\/v2\/comments?post=10890"}],"version-history":[{"count":0,"href":"https:\/\/www.libertas.hr\/en\/wp-json\/wp\/v2\/posts\/10890\/revisions"}],"wp:featuredmedia":[{"embeddable":true,"href":"https:\/\/www.libertas.hr\/en\/wp-json\/wp\/v2\/media\/10891"}],"wp:attachment":[{"href":"https:\/\/www.libertas.hr\/en\/wp-json\/wp\/v2\/media?parent=10890"}],"wp:term":[{"taxonomy":"category","embeddable":true,"href":"https:\/\/www.libertas.hr\/en\/wp-json\/wp\/v2\/categories?post=10890"},{"taxonomy":"post_tag","embeddable":true,"href":"https:\/\/www.libertas.hr\/en\/wp-json\/wp\/v2\/tags?post=10890"}],"curies":[{"name":"wp","href":"https:\/\/api.w.org\/{rel}","templated":true}]}}